{"id":3064,"date":"2023-03-24T12:04:16","date_gmt":"2023-03-24T11:04:16","guid":{"rendered":"https:\/\/climatefund.nf-int.org\/beleuchtung-fuer-das-dorf-kpotomey-benin-solarleuchten-fuer-den-laendlichen-raum\/"},"modified":"2024-01-08T09:01:33","modified_gmt":"2024-01-08T08:01:33","slug":"eclairage-pour-le-village-de-kpotomey-benin-lampadaires-solaires-pour-le-milieu-rural","status":"publish","type":"post","link":"https:\/\/climatefund.nf-int.org\/fr\/eclairage-pour-le-village-de-kpotomey-benin-lampadaires-solaires-pour-le-milieu-rural\/","title":{"rendered":"\u00c9clairage pour le village de Kpotomey &#8211; Lampadaires solaires pour le milieu rural"},"content":{"rendered":"<div class=\"wpb-content-wrapper\"><p>[vc_row][vc_column][vc_column_text]<strong>B\u00e9nin | mars &#8211; juillet 2023<\/strong><\/p>\n<p>Le village de Kpotomey, situ\u00e9 dans la vall\u00e9e de la Sitatunga, compte 350 habitants. Si l&rsquo;on y ajoute ses trois hameaux, on arrive \u00e0 environ 500 personnes. Le village n&rsquo;est pas raccord\u00e9 au r\u00e9seau \u00e9lectrique public, bien qu&rsquo;il ne soit qu&rsquo;\u00e0 une quarantaine de kilom\u00e8tres de la capitale Cotonou. La population de cette localit\u00e9 utilise donc des lampes \u00e0 huile ou du bois pour s&rsquo;\u00e9clairer.[\/vc_column_text][\/vc_column][\/vc_row][vc_row css=\u00a0\u00bb.vc_custom_1657299156650{background-color: #e2f4e7 !important;}\u00a0\u00bb][vc_column width=\u00a0\u00bb1\/4&Prime;][vc_single_image image=\u00a0\u00bb3046&Prime; img_size=\u00a0\u00bb200&#215;200&Prime; alignment=\u00a0\u00bbcenter\u00a0\u00bb style=\u00a0\u00bbvc_box_circle_2&Prime; css=\u00a0\u00bb.vc_custom_1679655615240{padding-top: 0px !important;padding-bottom: 0px !important;}\u00a0\u00bb][\/vc_column][vc_column width=\u00a0\u00bb3\/4&Prime;][vc_icon type=\u00a0\u00bbentypo\u00a0\u00bb icon_entypo=\u00a0\u00bbentypo-icon entypo-icon-quote\u00a0\u00bb color=\u00a0\u00bbcustom\u00a0\u00bb size=\u00a0\u00bblg\u00a0\u00bb custom_color=\u00a0\u00bb#38b655&Prime; css=\u00a0\u00bb.vc_custom_1648026719669{margin-bottom: 0px !important;}\u00a0\u00bb][vc_column_text]<\/p>\n<div class=\"wpb_text_column wpb_content_element \">\n<div class=\"wpb_wrapper\">\n<div class=\"wpb_text_column wpb_content_element \">\n<div class=\"wpb_wrapper\">\n<div class=\"wpb_text_column wpb_content_element \">\n<div class=\"wpb_wrapper\">\n<h6><em>La nuit, le village de Kpotomey est plong\u00e9 dans l\u2019obscurit\u00e9 totale, ce qui cr\u00e9e une ins\u00e9curit\u00e9 locale.<br \/>\nLa mise en \u0153uvre de ce projet d\u2019\u00e9clairage solaire communautaire permettra non seulement de limiter la consommation \u00e9lev\u00e9e de combustibles fossiles et la pollution du parc naturel communautaire de la vall\u00e9e de Sitatunga, mais aussi d\u2019am\u00e9liorer les r\u00e9sultats scolaires en offrant des espaces \u00e9clair\u00e9s pour la r\u00e9vision des le\u00e7ons par les enfants du village qui vont \u00e0 l\u2019\u00e9cole et en offrant la possibilit\u00e9 d\u2019un march\u00e9 nocturne bien \u00e9clair\u00e9.<\/em><\/h6>\n<p>Martial K. Kouderin<br \/>\nDirecteur CREDI-ONG Benin<\/p>\n<\/div>\n<\/div>\n<\/div>\n<\/div>\n<\/div>\n<\/div>\n<p>[\/vc_column_text][\/vc_column][\/vc_row][vc_row][vc_column][vc_gallery type=\u00a0\u00bbnivo\u00a0\u00bb interval=\u00a0\u00bb0&Prime; images=\u00a0\u00bb3382,3367,3370,3376,3385,3394,3391,3388,3029&Prime; img_size=\u00a0\u00bbfull\u00a0\u00bb][\/vc_column][\/vc_row][vc_row css=\u00a0\u00bb.vc_custom_1657299186678{background-color: #e2f4e7 !important;}\u00a0\u00bb][vc_column][vc_column_text]<\/p>\n<h4><strong>Votre don au Fonds pour le climat a permis:<\/strong><\/h4>\n<ul>\n<li><strong>l&rsquo;achat de cinq lampadaires photovolta\u00efques<\/strong><\/li>\n<li><strong>l&rsquo;installation des lampes ainsi que leur entretien<\/strong><\/li>\n<li><strong>la sensibilisation des populations locales au changement climatique et aux \u00e9missions de gaz \u00e0 effet de serre, \u00e0 la d\u00e9forestation et \u00e0 ses cons\u00e9quences pour l&rsquo;homme et la nature.<\/strong><\/li>\n<\/ul>\n<p>[\/vc_column_text][\/vc_column][\/vc_row][vc_row css=\u00a0\u00bb.vc_custom_1648031449236{margin-top: -20px !important;padding-top: 0px !important;}\u00a0\u00bb][vc_column][vc_column_text]L&rsquo;objectif du projet \u00e9tait d&rsquo;installer cinq lampadaires solaires dans le village de Kpotomey, \u00e9galement connu sous le nom d&rsquo;\u00e9covillage. C&rsquo;est l\u00e0 que l&rsquo;association CREDI-ONG, membre de l&rsquo;IAN, a coordonn\u00e9 le projet.<\/p>\n<p>Le projet lui-m\u00eame devrait contribuer \u00e0 r\u00e9duire les \u00e9missions de gaz \u00e0 effet de serre caus\u00e9es par l&rsquo;utilisation de combustibles fossiles. Actuellement, les activit\u00e9s nocturnes sont limit\u00e9es \u00e0 l&rsquo;utilisation de lampes \u00e0 huile, ce qui a \u00e9galement des effets n\u00e9gatifs \u00e0 long terme sur la sant\u00e9 des personnes, notamment des maladies respiratoires caus\u00e9es par l&rsquo;inhalation des fum\u00e9es produites par la combustion.<\/p>\n<p>Les lampadaires contribueront \u00e0 la transition \u00e9nerg\u00e9tique et aideront la population \u00e0 s&rsquo;adapter au changement climatique. En r\u00e9duisant les besoins en bois de chauffage, ils devraient \u00e9galement r\u00e9duire la d\u00e9forestation et, par cons\u00e9quent, l&rsquo;\u00e9rosion des sols, qui ont des effets n\u00e9gatifs consid\u00e9rables sur la biodiversit\u00e9, le climat r\u00e9gional, les r\u00e9gimes hydriques et l&rsquo;utilisation des terres, mais dont les gens n&rsquo;\u00e9taient pas vraiment conscients jusqu&rsquo;\u00e0 pr\u00e9sent.<\/p>\n<p>L&rsquo;\u00e9clairage public solaire dans le village de Kpotomey sera tr\u00e8s b\u00e9n\u00e9fique pour le village.<\/p>\n<p>Les conditions de vie de la population locale seront am\u00e9lior\u00e9es \u00e0 bien des \u00e9gards, notamment sur le plan de la s\u00e9curit\u00e9 et des possibilit\u00e9s d&rsquo;\u00e9ducation, car les \u00e9l\u00e8ves auront plus de temps pour \u00e9tudier le soir gr\u00e2ce \u00e0 un meilleur \u00e9clairage.<\/p>\n<p>Le march\u00e9 sera \u00e9galement \u00e9clair\u00e9 plus longtemps gr\u00e2ce \u00e0 des lampadaires solaires \u00e9quip\u00e9s d&rsquo;un syst\u00e8me d&rsquo;allumage et d&rsquo;extinction automatique. Les femmes du village auront ainsi plus d&rsquo;occasions de vendre leurs produits.<\/p>\n<p>Combin\u00e9e \u00e0 des mesures de sensibilisation, l&rsquo;introduction de l&rsquo;\u00e9clairage solaire permettra de r\u00e9duire la pression sur les ressources naturelles, notamment le bois.<\/p>\n<p><strong>A propos de notre partenaire CREDI-ONG<\/strong><\/p>\n<p>CREDI-ONG travaille depuis 17 ans dans les domaines de l&rsquo;agriculture durable, de la protection de l&rsquo;environnement et de la nature et de l&rsquo;\u00e9ducation globale. Avec une \u00e9quipe jeune et dynamique d&rsquo;une vingtaine de personnes, l&rsquo;organisation s&rsquo;engage pour un monde plus vert et plus bleu, dans lequel les gens vivent dignement et en harmonie avec la nature.<\/p>\n<h4 style=\"text-align: center;\"><b><span data-contrast=\"auto\">Le projet a \u00e9t\u00e9 mis en \u0153uvre en 2023 gr\u00e2ce \u00e0 des dons du Fonds des Amis de la Nature pour le climat, de l\u2019ordre de <\/span><\/b><b><span data-contrast=\"auto\">6.110 \u20ac.<\/span><\/b><\/h4>\n<h4 style=\"text-align: center;\"><\/h4>\n<p>[\/vc_column_text][\/vc_column][\/vc_row][vc_row][vc_column][vc_btn title=\u00a0\u00bbBEITRAGEN\u00a0\u00bb style=\u00a0\u00bbclassic\u00a0\u00bb shape=\u00a0\u00bbsquare\u00a0\u00bb color=\u00a0\u00bbsuccess\u00a0\u00bb size=\u00a0\u00bblg\u00a0\u00bb align=\u00a0\u00bbcenter\u00a0\u00bb i_icon_fontawesome=\u00a0\u00bbfar fa-handshake\u00a0\u00bb add_icon=\u00a0\u00bbtrue\u00a0\u00bb link=\u00a0\u00bburl:https%3A%2F%2Fclimatefund.nf-int.org%2Fwp%2Fbeitragen%2F|title:Beitragen%20und%20Spenden|\u00a0\u00bb][\/vc_column][\/vc_row]<\/p>\n<\/div>","protected":false},"excerpt":{"rendered":"<p>[vc_row][vc_column][vc_column_text]B\u00e9nin | mars &#8211; juillet 2023 Le village de Kpotomey, situ\u00e9 dans la vall\u00e9e de la Sitatunga, compte 350 habitants. Si l&rsquo;on y ajoute ses trois hameaux, on arrive \u00e0 environ 500 personnes. Le village n&rsquo;est pas raccord\u00e9 au r\u00e9seau \u00e9lectrique public, bien qu&rsquo;il ne soit qu&rsquo;\u00e0 une quarantaine de kilom\u00e8tres de la capitale Cotonou. [&hellip;]<\/p>\n","protected":false},"author":2,"featured_media":3029,"comment_status":"closed","ping_status":"closed","sticky":false,"template":"","format":"standard","meta":{"_acf_changed":false,"_seopress_robots_primary_cat":"none","_seopress_titles_title":"","_seopress_titles_desc":"","_seopress_robots_index":"","footnotes":""},"categories":[4],"tags":[],"class_list":["post-3064","post","type-post","status-publish","format-standard","has-post-thumbnail","hentry","category-abgeschlossene-projekte"],"blocksy_meta":{"styles_descriptor":{"styles":{"desktop":"","tablet":"","mobile":""},"google_fonts":[],"version":6}},"acf":{"country":"<h4><img class=\"alignnone wp-image-202\" src=\"https:\/\/climatefund.nf-int.org\/wp-content\/uploads\/2022\/03\/Element-1-8-233x300.png\" alt=\"Location\" width=\"22\" height=\"28\" \/> B\u00e9nin<\/h4>"},"_links":{"self":[{"href":"https:\/\/climatefund.nf-int.org\/fr\/wp-json\/wp\/v2\/posts\/3064","targetHints":{"allow":["GET"]}}],"collection":[{"href":"https:\/\/climatefund.nf-int.org\/fr\/wp-json\/wp\/v2\/posts"}],"about":[{"href":"https:\/\/climatefund.nf-int.org\/fr\/wp-json\/wp\/v2\/types\/post"}],"author":[{"embeddable":true,"href":"https:\/\/climatefund.nf-int.org\/fr\/wp-json\/wp\/v2\/users\/2"}],"replies":[{"embeddable":true,"href":"https:\/\/climatefund.nf-int.org\/fr\/wp-json\/wp\/v2\/comments?post=3064"}],"version-history":[{"count":21,"href":"https:\/\/climatefund.nf-int.org\/fr\/wp-json\/wp\/v2\/posts\/3064\/revisions"}],"predecessor-version":[{"id":3473,"href":"https:\/\/climatefund.nf-int.org\/fr\/wp-json\/wp\/v2\/posts\/3064\/revisions\/3473"}],"wp:featuredmedia":[{"embeddable":true,"href":"https:\/\/climatefund.nf-int.org\/fr\/wp-json\/wp\/v2\/media\/3029"}],"wp:attachment":[{"href":"https:\/\/climatefund.nf-int.org\/fr\/wp-json\/wp\/v2\/media?parent=3064"}],"wp:term":[{"taxonomy":"category","embeddable":true,"href":"https:\/\/climatefund.nf-int.org\/fr\/wp-json\/wp\/v2\/categories?post=3064"},{"taxonomy":"post_tag","embeddable":true,"href":"https:\/\/climatefund.nf-int.org\/fr\/wp-json\/wp\/v2\/tags?post=3064"}],"curies":[{"name":"wp","href":"https:\/\/api.w.org\/{rel}","templated":true}]}}